{"id":579736,"date":"2020-01-29T16:39:47","date_gmt":"2020-01-29T16:39:47","guid":{"rendered":"https:\/\/world-schools.com\/school-holidays-in-spain-in-2019-20\/"},"modified":"2025-09-23T12:49:30","modified_gmt":"2025-09-23T12:49:30","slug":"school-holidays-in-spain-in-2019-20","status":"publish","type":"post","link":"https:\/\/world-schools.com\/pl\/school-holidays-in-spain-in-2019-20\/","title":{"rendered":"Wakacje szkolne w Hiszpanii w 2020 roku"},"content":{"rendered":"<p>Prosimy o zapoznanie si\u0119 z poni\u017cszymi informacjami. Je\u015bli Ty lub kto\u015b z Twojej rodziny uczy si\u0119 w jednej z najlepszych szk\u00f3\u0142 mi\u0119dzynarodowych w Hiszpanii, warto wiedzie\u0107 o wakacjach szkolnych w tym kraju. Dni wolne s\u0105 ustalane przez regionalne wsp\u00f3lnoty autonomiczne i nie s\u0105 takie same w ca\u0142ym kraju. Jednak r\u00f3\u017cnice w g\u0142\u00f3wnych dniach wolnych zazwyczaj nie s\u0105 znacz\u0105ce i przypadaj\u0105 w okre\u015blonych ramach czasowych. W przeciwie\u0144stwie do wielu kraj\u00f3w europejskich, nie ma tu tygodni wolnych w po\u0142owie semestru. Dlatego zaleca si\u0119 sprawdzenie kalendarza wakacji szkolnych dziecka, je\u015bli ucz\u0119szcza do szko\u0142y mi\u0119dzynarodowej.<br \/>\nNale\u017cy pami\u0119ta\u0107, \u017ce je\u015bli na poni\u017cszej li\u015bcie nie ma \u015bwi\u0119ta narodowego, oznacza to, \u017ce przypada ono w weekend lub w okresie przerwy szkolnej (na przyk\u0142ad Niepokalane Pocz\u0119cie, Dzie\u0144 \u015awi\u0119tego Szczepana, Wielki Czwartek).<\/p>\n<p>Poni\u017cej znajduje si\u0119 tabela przedstawiaj\u0105ca ferie szkolne w Hiszpanii w roku 2020. Nale\u017cy pami\u0119ta\u0107, \u017ce wszystkie daty mog\u0105 ulec zmianie lub ulec zmianie.<\/p>\n<p>Wakacje | Data | Regiony<br \/>\n- | - | -<br \/>\nDzie\u0144 Wszystkich \u015awi\u0119tych | 01-11-2019 | Krajowy<br \/>\nSan Francisco Javier | 03-12-2019 | Regionalne (NA)<br \/>\nDzie\u0144 Konstytucji | 06-12-2019 | Krajowy<br \/>\nPoniedzia\u0142ek po Niepokalanym Pocz\u0119ciu | 09-12-2019 | Regionalne (AN, AR, CL, EX, RI, MD, ML, AS, CB)<br \/>\nPrzerwa \u015bwi\u0105teczna | od 23.12.2019 do 06.01.2020 | Wszystkie regiony *Daty rozpocz\u0119cia i zako\u0144czenia mog\u0105 si\u0119 nieznacznie r\u00f3\u017cni\u0107 w zale\u017cno\u015bci od regionu.<br \/>\nD\u00eda de Andaluc\u00eda | 28-02-2020 | Regionalne (AN)<br \/>\nDzie\u0144 \u015awi\u0119tego J\u00f3zefa | 19-03-2020 | Regionalne (CM, GA, ML, MC, NA, PV, VC)<br \/>\nPrzerwa wielkanocna | od 03-04-2020 do 13-04-2020 | Wszystkie regiony *Daty rozpocz\u0119cia i zako\u0144czenia mog\u0105 si\u0119 nieznacznie r\u00f3\u017cni\u0107 w zale\u017cno\u015bci od regionu.<br \/>\nDzie\u0144 Spo\u0142eczno\u015bci | 23-04-2020 | Regionalny (AR, CL)<br \/>\n\u015awi\u0119to Pracy | 01-05-2020 | Krajowy<br \/>\nSan Isidro | 15-05-2020 | Miejski (MD)<br \/>\nDzie\u0144 Spo\u0142eczno\u015bci | 09-06-2020 | Regionalny (RI, MC)<br \/>\nBo\u017ce Cia\u0142o | 11-06-2020 | Regionalne (CM)<br \/>\nWakacje letnie | od 18.06.2020 do 12.09.2020 | Wszystkie regiony *Daty rozpocz\u0119cia i zako\u0144czenia mog\u0105 si\u0119 nieznacznie r\u00f3\u017cni\u0107 w zale\u017cno\u015bci od regionu.<\/p>","protected":false},"excerpt":{"rendered":"<p>Please take note of the information below. If you or a family member is studying at one of the best international schools in Spain, it might be useful to know about the school holidays in Spain. The holidays are determined by the regional autonomous communities and are not the same throughout the country. However, the [&hellip;]<\/p>\n","protected":false},"author":484,"featured_media":582246,"comment_status":"open","ping_status":"open","sticky":false,"template":"","format":"standard","meta":{"inline_featured_image":false,"site-sidebar-layout":"default","site-content-layout":"","ast-site-content-layout":"default","site-content-style":"default","site-sidebar-style":"default","ast-global-header-display":"","ast-banner-title-visibility":"","ast-main-header-display":"","ast-hfb-above-header-display":"","ast-hfb-below-header-display":"","ast-hfb-mobile-header-display":"","site-post-title":"","ast-breadcrumbs-content":"","ast-featured-img":"","footer-sml-layout":"","ast-disable-related-posts":"","theme-transparent-header-meta":"","adv-header-id-meta":"","stick-header-meta":"","header-above-stick-meta":"","header-main-stick-meta":"","header-below-stick-meta":"","astra-migrate-meta-layouts":"default","ast-page-background-enabled":"default","ast-page-background-meta":{"desktop":{"background-color":"","background-image":"","background-repeat":"repeat","background-position":"center center","background-size":"auto","background-attachment":"scroll","background-type":"","background-media":"","overlay-type":"","overlay-color":"","overlay-opacity":"","overlay-gradient":""},"tablet":{"background-color":"","background-image":"","background-repeat":"repeat","background-position":"center center","background-size":"auto","background-attachment":"scroll","background-type":"","background-media":"","overlay-type":"","overlay-color":"","overlay-opacity":"","overlay-gradient":""},"mobile":{"background-color":"","background-image":"","background-repeat":"repeat","background-position":"center center","background-size":"auto","background-attachment":"scroll","background-type":"","background-media":"","overlay-type":"","overlay-color":"","overlay-opacity":"","overlay-gradient":""}},"ast-content-background-meta":{"desktop":{"background-color":"var(--ast-global-color-5)","background-image":"","background-repeat":"repeat","background-position":"center center","background-size":"auto","background-attachment":"scroll","background-type":"","background-media":"","overlay-type":"","overlay-color":"","overlay-opacity":"","overlay-gradient":""},"tablet":{"background-color":"var(--ast-global-color-5)","background-image":"","background-repeat":"repeat","background-position":"center center","background-size":"auto","background-attachment":"scroll","background-type":"","background-media":"","overlay-type":"","overlay-color":"","overlay-opacity":"","overlay-gradient":""},"mobile":{"background-color":"var(--ast-global-color-5)","background-image":"","background-repeat":"repeat","background-position":"center center","background-size":"auto","background-attachment":"scroll","background-type":"","background-media":"","overlay-type":"","overlay-color":"","overlay-opacity":"","overlay-gradient":""}},"_jf_save_progress":"","footnotes":""},"categories":[10917,11342,11343],"tags":[],"schema":[],"class_list":["post-579736","post","type-post","status-publish","format-standard","has-post-thumbnail","hentry","category-expert-tips","category-holidays","category-school-holidays"],"_links":{"self":[{"href":"https:\/\/world-schools.com\/pl\/wp-json\/wp\/v2\/posts\/579736","targetHints":{"allow":["GET"]}}],"collection":[{"href":"https:\/\/world-schools.com\/pl\/wp-json\/wp\/v2\/posts"}],"about":[{"href":"https:\/\/world-schools.com\/pl\/wp-json\/wp\/v2\/types\/post"}],"author":[{"embeddable":true,"href":"https:\/\/world-schools.com\/pl\/wp-json\/wp\/v2\/users\/484"}],"replies":[{"embeddable":true,"href":"https:\/\/world-schools.com\/pl\/wp-json\/wp\/v2\/comments?post=579736"}],"version-history":[{"count":0,"href":"https:\/\/world-schools.com\/pl\/wp-json\/wp\/v2\/posts\/579736\/revisions"}],"wp:featuredmedia":[{"embeddable":true,"href":"https:\/\/world-schools.com\/pl\/wp-json\/wp\/v2\/media\/582246"}],"wp:attachment":[{"href":"https:\/\/world-schools.com\/pl\/wp-json\/wp\/v2\/media?parent=579736"}],"wp:term":[{"taxonomy":"category","embeddable":true,"href":"https:\/\/world-schools.com\/pl\/wp-json\/wp\/v2\/categories?post=579736"},{"taxonomy":"post_tag","embeddable":true,"href":"https:\/\/world-schools.com\/pl\/wp-json\/wp\/v2\/tags?post=579736"},{"taxonomy":"schema","embeddable":true,"href":"https:\/\/world-schools.com\/pl\/wp-json\/wp\/v2\/schema?post=579736"}],"curies":[{"name":"wp","href":"https:\/\/api.w.org\/{rel}","templated":true}]}}