{"id":579736,"date":"2020-01-29T16:39:47","date_gmt":"2020-01-29T16:39:47","guid":{"rendered":"https:\/\/world-schools.com\/school-holidays-in-spain-in-2019-20\/"},"modified":"2025-09-23T12:49:30","modified_gmt":"2025-09-23T12:49:30","slug":"school-holidays-in-spain-in-2019-20","status":"publish","type":"post","link":"https:\/\/world-schools.com\/de\/school-holidays-in-spain-in-2019-20\/","title":{"rendered":"Schulferien in Spanien im Jahr 2020"},"content":{"rendered":"<p>Bitte beachten Sie die folgenden Informationen. Wenn Sie oder ein Familienmitglied eine der besten internationalen Schulen in Spanien besuchen, kann es hilfreich sein, die Schulferien in Spanien zu kennen. Die Ferien werden von den regionalen Autonomen Gemeinschaften festgelegt und sind nicht im ganzen Land einheitlich. Die Unterschiede bei den wichtigsten Feiertagen sind jedoch in der Regel nicht signifikant und liegen in einem bestimmten Zeitraum. Im Gegensatz zu vielen europ\u00e4ischen L\u00e4ndern gibt es keine schulfreien Wochen. Daher ist es ratsam, den Ferienkalender Ihres Kindes zu \u00fcberpr\u00fcfen, wenn es eine internationale Schule besucht.<br \/>\nEs ist wichtig zu beachten, dass ein nationaler Feiertag, der in der folgenden Liste nicht aufgef\u00fchrt ist, auf ein Wochenende f\u00e4llt oder in die Schulferienzeit f\u00e4llt (z. B. Mari\u00e4 Empf\u00e4ngnis, Stephanstag, Gr\u00fcndonnerstag).<\/p>\n<p>Nachfolgend finden Sie eine Tabelle mit den Schulferien in Spanien f\u00fcr das Jahr 2020. Bitte beachten Sie, dass bei allen Daten Fehler und \u00c4nderungen m\u00f6glich sind.<\/p>\n<p>Feiertag | Datum | Regionen<br \/>\n&#8212; | &#8212; | &#8212;<br \/>\nAllerheiligen | 01.11.2019 | National<br \/>\nSan Francisco Javier | 03.12.2019 | Regional (NA)<br \/>\nTag der Verfassung | 06.12.2019 | National<br \/>\nMontag nach der Unbefleckten Empf\u00e4ngnis | 09.12.2019 | Regional (AN, AR, CL, EX, RI, MD, ML, AS, CB)<br \/>\nWeihnachtspause | vom 23.12.2019 bis 06.01.2020 | Alle Regionen *Start- und Enddatum k\u00f6nnen je nach Region leicht variieren.<br \/>\nD\u00eda de Andaluc\u00eda | 28.02.2020 | Regional (AN)<br \/>\nJosefstag | 19.03.2020 | Regional (CM, GA, ML, MC, NA, PV, VC)<br \/>\nOsterferien | vom 03.04.2020 bis 13.04.2020 | Alle Regionen *Start- und Enddatum k\u00f6nnen je nach Region leicht variieren.<br \/>\nGemeinschaftstag | 23.04.2020 | Regional (AR, CL)<br \/>\nTag der Arbeit | 01.05.2020 | National<br \/>\nSan Isidro | 15.05.2020 | Kommunal (MD)<br \/>\nGemeinschaftstag | 09.06.2020 | Regional (RI, MC)<br \/>\nFronleichnam | 06.11.2020 | Regional (CM)<br \/>\nSommerpause | vom 18.06.2020 bis 12.09.2020 | Alle Regionen *Start- und Enddatum k\u00f6nnen je nach Region leicht variieren.<\/p>","protected":false},"excerpt":{"rendered":"<p>Please take note of the information below. If you or a family member is studying at one of the best international schools in Spain, it might be useful to know about the school holidays in Spain. The holidays are determined by the regional autonomous communities and are not the same throughout the country. However, the [&hellip;]<\/p>\n","protected":false},"author":484,"featured_media":582246,"comment_status":"open","ping_status":"open","sticky":false,"template":"","format":"standard","meta":{"inline_featured_image":false,"site-sidebar-layout":"default","site-content-layout":"","ast-site-content-layout":"default","site-content-style":"default","site-sidebar-style":"default","ast-global-header-display":"","ast-banner-title-visibility":"","ast-main-header-display":"","ast-hfb-above-header-display":"","ast-hfb-below-header-display":"","ast-hfb-mobile-header-display":"","site-post-title":"","ast-breadcrumbs-content":"","ast-featured-img":"","footer-sml-layout":"","ast-disable-related-posts":"","theme-transparent-header-meta":"","adv-header-id-meta":"","stick-header-meta":"","header-above-stick-meta":"","header-main-stick-meta":"","header-below-stick-meta":"","astra-migrate-meta-layouts":"default","ast-page-background-enabled":"default","ast-page-background-meta":{"desktop":{"background-color":"","background-image":"","background-repeat":"repeat","background-position":"center center","background-size":"auto","background-attachment":"scroll","background-type":"","background-media":"","overlay-type":"","overlay-color":"","overlay-opacity":"","overlay-gradient":""},"tablet":{"background-color":"","background-image":"","background-repeat":"repeat","background-position":"center center","background-size":"auto","background-attachment":"scroll","background-type":"","background-media":"","overlay-type":"","overlay-color":"","overlay-opacity":"","overlay-gradient":""},"mobile":{"background-color":"","background-image":"","background-repeat":"repeat","background-position":"center center","background-size":"auto","background-attachment":"scroll","background-type":"","background-media":"","overlay-type":"","overlay-color":"","overlay-opacity":"","overlay-gradient":""}},"ast-content-background-meta":{"desktop":{"background-color":"var(--ast-global-color-5)","background-image":"","background-repeat":"repeat","background-position":"center center","background-size":"auto","background-attachment":"scroll","background-type":"","background-media":"","overlay-type":"","overlay-color":"","overlay-opacity":"","overlay-gradient":""},"tablet":{"background-color":"var(--ast-global-color-5)","background-image":"","background-repeat":"repeat","background-position":"center center","background-size":"auto","background-attachment":"scroll","background-type":"","background-media":"","overlay-type":"","overlay-color":"","overlay-opacity":"","overlay-gradient":""},"mobile":{"background-color":"var(--ast-global-color-5)","background-image":"","background-repeat":"repeat","background-position":"center center","background-size":"auto","background-attachment":"scroll","background-type":"","background-media":"","overlay-type":"","overlay-color":"","overlay-opacity":"","overlay-gradient":""}},"_jf_save_progress":"","footnotes":""},"categories":[10917,11342,11343],"tags":[],"schema":[],"class_list":["post-579736","post","type-post","status-publish","format-standard","has-post-thumbnail","hentry","category-expert-tips","category-holidays","category-school-holidays"],"_links":{"self":[{"href":"https:\/\/world-schools.com\/de\/wp-json\/wp\/v2\/posts\/579736","targetHints":{"allow":["GET"]}}],"collection":[{"href":"https:\/\/world-schools.com\/de\/wp-json\/wp\/v2\/posts"}],"about":[{"href":"https:\/\/world-schools.com\/de\/wp-json\/wp\/v2\/types\/post"}],"author":[{"embeddable":true,"href":"https:\/\/world-schools.com\/de\/wp-json\/wp\/v2\/users\/484"}],"replies":[{"embeddable":true,"href":"https:\/\/world-schools.com\/de\/wp-json\/wp\/v2\/comments?post=579736"}],"version-history":[{"count":0,"href":"https:\/\/world-schools.com\/de\/wp-json\/wp\/v2\/posts\/579736\/revisions"}],"wp:featuredmedia":[{"embeddable":true,"href":"https:\/\/world-schools.com\/de\/wp-json\/wp\/v2\/media\/582246"}],"wp:attachment":[{"href":"https:\/\/world-schools.com\/de\/wp-json\/wp\/v2\/media?parent=579736"}],"wp:term":[{"taxonomy":"category","embeddable":true,"href":"https:\/\/world-schools.com\/de\/wp-json\/wp\/v2\/categories?post=579736"},{"taxonomy":"post_tag","embeddable":true,"href":"https:\/\/world-schools.com\/de\/wp-json\/wp\/v2\/tags?post=579736"},{"taxonomy":"schema","embeddable":true,"href":"https:\/\/world-schools.com\/de\/wp-json\/wp\/v2\/schema?post=579736"}],"curies":[{"name":"wp","href":"https:\/\/api.w.org\/{rel}","templated":true}]}}